{"id":509,"date":"2019-08-01T16:53:38","date_gmt":"2019-08-01T16:53:38","guid":{"rendered":"http:\/\/erstehilfe-tschechisch.de\/?p=509"},"modified":"2019-08-01T16:53:38","modified_gmt":"2019-08-01T16:53:38","slug":"czechimage-noch-bis-16-08-19-in-muenchen","status":"publish","type":"post","link":"https:\/\/erstehilfe-tschechisch.de\/?p=509","title":{"rendered":"&#8222;CzechImage&#8220; &#8211; noch bis 16.08.19 in M\u00fcnchen"},"content":{"rendered":"<p>Wie l\u00e4sst sich die nationale Identit\u00e4t in einem Bild darstellen? Tschechische und ausl\u00e4ndische Grafik-Student*innen haben dies versucht und Plakate zum &#8222;CzechImage&#8220; geschaffen.<\/p>\n<p>Wer sich ein aktuelles Bild Tschechiens abseits der Bier- und Kn\u00f6del-Romantik machen will, dem empfehlen wir die Ausstellung im <a href=\"http:\/\/munich.czechcentres.cz\/programm\/detail\/ausstellung-czech-image\/\" target=\"_blank\" rel=\"noopener\"><strong>Tschechischen Zentrum in M\u00fcnchen<\/strong><\/a>.<\/p>\n","protected":false},"excerpt":{"rendered":"<p>Wie l\u00e4sst sich die nationale Identit\u00e4t in einem Bild darstellen? Tschechische und ausl\u00e4ndische Grafik-Student*innen haben dies versucht und Plakate zum &#8222;CzechImage&#8220; geschaffen. Wer sich ein aktuelles Bild Tschechiens abseits der Bier- und Kn\u00f6del-Romantik machen will, dem empfehlen wir die Ausstellung im Tschechischen Zentrum in M\u00fcnchen.<\/p>\n","protected":false},"author":1,"featured_media":510,"comment_status":"open","ping_status":"open","sticky":false,"template":"","format":"standard","meta":{"jetpack_post_was_ever_published":false,"_jetpack_newsletter_access":"","_jetpack_dont_email_post_to_subs":false,"_jetpack_newsletter_tier_id":0,"_jetpack_memberships_contains_paywalled_content":false,"_jetpack_memberships_contains_paid_content":false,"footnotes":"","jetpack_publicize_message":"","jetpack_publicize_feature_enabled":true,"jetpack_social_post_already_shared":true,"jetpack_social_options":{"image_generator_settings":{"template":"highway","enabled":false}}},"categories":[6],"tags":[47,48,35,22],"jetpack_publicize_connections":[],"jetpack_featured_media_url":"https:\/\/i0.wp.com\/erstehilfe-tschechisch.de\/wp-content\/uploads\/2019\/08\/plakat-czechimage-web.png?fit=1610%2C2268&ssl=1","jetpack_sharing_enabled":true,"jetpack_shortlink":"https:\/\/wp.me\/p90WYv-8d","jetpack_likes_enabled":true,"_links":{"self":[{"href":"https:\/\/erstehilfe-tschechisch.de\/index.php?rest_route=\/wp\/v2\/posts\/509"}],"collection":[{"href":"https:\/\/erstehilfe-tschechisch.de\/index.php?rest_route=\/wp\/v2\/posts"}],"about":[{"href":"https:\/\/erstehilfe-tschechisch.de\/index.php?rest_route=\/wp\/v2\/types\/post"}],"author":[{"embeddable":true,"href":"https:\/\/erstehilfe-tschechisch.de\/index.php?rest_route=\/wp\/v2\/users\/1"}],"replies":[{"embeddable":true,"href":"https:\/\/erstehilfe-tschechisch.de\/index.php?rest_route=%2Fwp%2Fv2%2Fcomments&post=509"}],"version-history":[{"count":2,"href":"https:\/\/erstehilfe-tschechisch.de\/index.php?rest_route=\/wp\/v2\/posts\/509\/revisions"}],"predecessor-version":[{"id":512,"href":"https:\/\/erstehilfe-tschechisch.de\/index.php?rest_route=\/wp\/v2\/posts\/509\/revisions\/512"}],"wp:featuredmedia":[{"embeddable":true,"href":"https:\/\/erstehilfe-tschechisch.de\/index.php?rest_route=\/wp\/v2\/media\/510"}],"wp:attachment":[{"href":"https:\/\/erstehilfe-tschechisch.de\/index.php?rest_route=%2Fwp%2Fv2%2Fmedia&parent=509"}],"wp:term":[{"taxonomy":"category","embeddable":true,"href":"https:\/\/erstehilfe-tschechisch.de\/index.php?rest_route=%2Fwp%2Fv2%2Fcategories&post=509"},{"taxonomy":"post_tag","embeddable":true,"href":"https:\/\/erstehilfe-tschechisch.de\/index.php?rest_route=%2Fwp%2Fv2%2Ftags&post=509"}],"curies":[{"name":"wp","href":"https:\/\/api.w.org\/{rel}","templated":true}]}}